{"id":417,"date":"2016-01-20T20:11:08","date_gmt":"2016-01-20T19:11:08","guid":{"rendered":"https:\/\/www.maxime-gillio.com\/maxime-gillio\/?p=417"},"modified":"2016-01-20T20:11:57","modified_gmt":"2016-01-20T19:11:57","slug":"dates-de-dedicaces","status":"publish","type":"post","link":"https:\/\/www.maxime-gillio.com\/maxime-gillio\/dates-de-dedicaces\/","title":{"rendered":"Dates de d\u00e9dicaces"},"content":{"rendered":"<p>Voici mon planning des d\u00e9dicaces jusqu&rsquo;\u00e0 l&rsquo;\u00e9t\u00e9 2016. Viendront encore s&rsquo;y ajouter deux ou trois s\u00e9ances en librairie, dont je vous tiendrai au courant.<\/p>\n<p>&#8211; Samedi 30 janvier : salon du polar de Dainville (62)<\/p>\n<p>&#8211; Samedi 6 et dimanche 7 f\u00e9vrier : salon de Mennecy (91)<\/p>\n<p>&#8211; Dimanche 13 mars : PolarLens (62)<\/p>\n<p>&#8211; Vendredi 18, samedi 19 et dimanche 20 mars : Salon du Livre de Paris<\/p>\n<p>&#8211; Samedi 2 et dimanche 3 avril : salon de Limoges (87) <em>(Sous r\u00e9serve)<\/em><\/p>\n<p>&#8211; Samedi 23 et dimanche 24 avril : salon de Montaigu (85)<em> (Sous r\u00e9serve)<\/em><\/p>\n<p>&#8211; Samedi 28 et dimanche 29 mai : festival des Imaginales (88)<\/p>\n<p>&#8211; Dimanche 12 juin : salon Envie de Livres de Sailly-Labourse (62)<\/p>\n<p>&#8211; Samedi 25 et dimanche 26 juin : foire aux livres de D\u00fcrlinsdorf (68)<\/p>\n<p>&#8211; Samedi 2 juillet : Nuit des Livres d&rsquo;Esquelbecq (59)<\/p>\n<p>Au plaisir !<\/p>\n","protected":false},"excerpt":{"rendered":"<p>Voici mon planning des d\u00e9dicaces jusqu&rsquo;\u00e0 l&rsquo;\u00e9t\u00e9 2016. Viendront encore s&rsquo;y ajouter deux ou trois s\u00e9ances en librairie, dont je vous tiendrai au courant. &#8211; Samedi 30 janvier : salon [&hellip;]<\/p>\n","protected":false},"author":2,"featured_media":418,"comment_status":"open","ping_status":"open","sticky":false,"template":"","format":"standard","meta":{"_acf_changed":false,"_et_pb_use_builder":"","_et_pb_old_content":"","_et_gb_content_width":"","om_disable_all_campaigns":false,"_monsterinsights_skip_tracking":false,"_monsterinsights_sitenote_active":false,"_monsterinsights_sitenote_note":"","_monsterinsights_sitenote_category":0,"_uf_show_specific_survey":0,"_uf_disable_surveys":false,"footnotes":""},"categories":[3],"tags":[],"class_list":["post-417","post","type-post","status-publish","format-standard","has-post-thumbnail","hentry","category-news"],"acf":[],"_links":{"self":[{"href":"https:\/\/www.maxime-gillio.com\/maxime-gillio\/wp-json\/wp\/v2\/posts\/417","targetHints":{"allow":["GET"]}}],"collection":[{"href":"https:\/\/www.maxime-gillio.com\/maxime-gillio\/wp-json\/wp\/v2\/posts"}],"about":[{"href":"https:\/\/www.maxime-gillio.com\/maxime-gillio\/wp-json\/wp\/v2\/types\/post"}],"author":[{"embeddable":true,"href":"https:\/\/www.maxime-gillio.com\/maxime-gillio\/wp-json\/wp\/v2\/users\/2"}],"replies":[{"embeddable":true,"href":"https:\/\/www.maxime-gillio.com\/maxime-gillio\/wp-json\/wp\/v2\/comments?post=417"}],"version-history":[{"count":0,"href":"https:\/\/www.maxime-gillio.com\/maxime-gillio\/wp-json\/wp\/v2\/posts\/417\/revisions"}],"wp:featuredmedia":[{"embeddable":true,"href":"https:\/\/www.maxime-gillio.com\/maxime-gillio\/wp-json\/wp\/v2\/media\/418"}],"wp:attachment":[{"href":"https:\/\/www.maxime-gillio.com\/maxime-gillio\/wp-json\/wp\/v2\/media?parent=417"}],"wp:term":[{"taxonomy":"category","embeddable":true,"href":"https:\/\/www.maxime-gillio.com\/maxime-gillio\/wp-json\/wp\/v2\/categories?post=417"},{"taxonomy":"post_tag","embeddable":true,"href":"https:\/\/www.maxime-gillio.com\/maxime-gillio\/wp-json\/wp\/v2\/tags?post=417"}],"curies":[{"name":"wp","href":"https:\/\/api.w.org\/{rel}","templated":true}]}}