{"id":410,"date":"2016-01-13T20:29:21","date_gmt":"2016-01-13T19:29:21","guid":{"rendered":"https:\/\/www.maxime-gillio.com\/maxime-gillio\/?p=410"},"modified":"2016-01-13T20:32:19","modified_gmt":"2016-01-13T19:32:19","slug":"2016-annee-de-la-braise","status":"publish","type":"post","link":"https:\/\/www.maxime-gillio.com\/maxime-gillio\/2016-annee-de-la-braise\/","title":{"rendered":"2016, ann\u00e9e de la braise"},"content":{"rendered":"<p>Une fois de plus, j\u2019ai eu tendance \u00e0 d\u00e9laisser ce site. Je m\u2019en vais t\u00e2cher de r\u00e9parer cet oubli. Non pas pour une r\u00e9solution \u00e0 la noix de d\u00e9but d\u2019ann\u00e9e, mais bien parce que ces mois \u00e0 venir seront riches en actualit\u00e9 \u00e9ditoriale, donc j\u2019aurai enfin des choses sympathiques \u00e0 y publier.<br \/>\nEt pour commencer 2016 avec une rime riche, j\u2019ai le plaisir de vous informer que mon roman f\u00e9tiche, <em>Les Disparus de l\u2019A16<\/em>, sort en r\u00e9\u00e9dition chez J\u2019ai Lu d\u00e9but f\u00e9vrier.<br \/>\nBen oui, le petit Gillio frappe \u00e0 la porte des grands, et Virginia Valmain est dans ses petits escarpins \u00e0 l\u2019id\u00e9e d\u2019int\u00e9grer une aussi prestigieuse maison. Mais gageons qu\u2019elle s\u2019y sentira vite \u00e0 l\u2019aise.<br \/>\nEt puis matez un peu la couverture new look !<\/p>\n<p style=\"text-align: center;\"><a href=\"https:\/\/www.maxime-gillio.com\/maxime-gillio\/wp-content\/uploads\/2016\/01\/VV.jpg\"><img loading=\"lazy\" decoding=\"async\" class=\"alignnone size-medium wp-image-413\" src=\"https:\/\/www.maxime-gillio.com\/maxime-gillio\/wp-content\/uploads\/2016\/01\/VV-185x300.jpg\" alt=\"VV\" width=\"185\" height=\"300\" srcset=\"https:\/\/www.maxime-gillio.com\/maxime-gillio\/wp-content\/uploads\/2016\/01\/VV-185x300.jpg 185w, https:\/\/www.maxime-gillio.com\/maxime-gillio\/wp-content\/uploads\/2016\/01\/VV-632x1024.jpg 632w, https:\/\/www.maxime-gillio.com\/maxime-gillio\/wp-content\/uploads\/2016\/01\/VV-600x971.jpg 600w, https:\/\/www.maxime-gillio.com\/maxime-gillio\/wp-content\/uploads\/2016\/01\/VV-900x1457.jpg 900w, https:\/\/www.maxime-gillio.com\/maxime-gillio\/wp-content\/uploads\/2016\/01\/VV.jpg 1265w\" sizes=\"(max-width: 185px) 100vw, 185px\" \/><\/a><\/p>\n<p>Qui dit r\u00e9\u00e9dition, dit toilettage du texte. Une raison suppl\u00e9mentaire de vous le procurer. Mais ce n\u2019est pas qu\u2019un pr\u00e9texte mercantile. Parce que des arguments de vente, j\u2019en ai d\u2019autres. Jugez Pluto :<br \/>\n\u2014 Comme je le disais, texte relu et corrig\u00e9. Vannes r\u00e9actualis\u00e9es, style polish\u00e9. Bref, si vous \u00eates du genre \u00e0 collectionner les diff\u00e9rentes \u00e9ditions et \u00e0 les comparer en lisant vos bouquins en vis-\u00e0-vis sur des porte-assiettes, c\u2019est d\u00e9j\u00e0 une premi\u00e8re raison ;<br \/>\n\u2014 Si vous ne l\u2019avez pas lu, dites-vous que pour 5 euros (oui, 5 euros seulement), vous pouvez vous procurer un polar qui vous fera tellement rire que \u00e7a vous \u00e9vitera d\u2019aller chez le sophrologue ou l\u2019ost\u00e9o pour vous d\u00e9coincer le sternum. Non, parce qu\u2019\u00e0 50 euros la s\u00e9ance de manipulation, m\u00eame avec une bonne mutuelle, vous \u00eates quand m\u00eame gagnants \u00e0 acheter<em> Les Disparus de l\u2019A16<\/em> ;<br \/>\n\u2014 Mais si vous n\u2019\u00eates pas du genre collectionneur, et plut\u00f4t \u00e0 vous dire que vous attendez la suite de ce book, tant tellement attendue, faut que je vous avoue quelque chose : le deuxi\u00e8me tome des enqu\u00eates de Virginia Valmain est d\u00e9j\u00e0 \u00e0 moiti\u00e9 \u00e9crit. Encore plus trash, encore plus gras, encore plus fou, encore plus mieux \u00e9crit. Son titre ? <em>Le livre avec un loup-garou et une lesbienne alcoolique en camping-car dedans.<\/em><br \/>\nAll\u00e9chant, non ?<br \/>\nOui mais voil\u00e0 ! Qui dit grosse maison d\u2019\u00e9dition, dit aussi objectifs de ventes. En d\u2019autres termes, ce second tome ne verra le jour que si le premier marche bien.<br \/>\nVous savez donc ce qu\u2019il reste \u00e0 faire.<br \/>\nEnjoy !<br \/>\nPS : c\u2019est l\u2019occasion pour moi de remercier publiquement Gilles Guillon, mon tout premier \u00e9diteur, le type assez barge pour avoir os\u00e9 publier la toute premi\u00e8re \u00e9dition des<em> Disparus<\/em>, il y a maintenant six ans. Respect et merci, mec !<\/p>\n","protected":false},"excerpt":{"rendered":"<p>Une fois de plus, j\u2019ai eu tendance \u00e0 d\u00e9laisser ce site. Je m\u2019en vais t\u00e2cher de r\u00e9parer cet oubli. Non pas pour une r\u00e9solution \u00e0 la noix de d\u00e9but d\u2019ann\u00e9e, [&hellip;]<\/p>\n","protected":false},"author":2,"featured_media":413,"comment_status":"open","ping_status":"open","sticky":false,"template":"","format":"standard","meta":{"_acf_changed":false,"_et_pb_use_builder":"","_et_pb_old_content":"","_et_gb_content_width":"","om_disable_all_campaigns":false,"_monsterinsights_skip_tracking":false,"_monsterinsights_sitenote_active":false,"_monsterinsights_sitenote_note":"","_monsterinsights_sitenote_category":0,"_uf_show_specific_survey":0,"_uf_disable_surveys":false,"footnotes":""},"categories":[3],"tags":[],"class_list":["post-410","post","type-post","status-publish","format-standard","has-post-thumbnail","hentry","category-news"],"acf":[],"_links":{"self":[{"href":"https:\/\/www.maxime-gillio.com\/maxime-gillio\/wp-json\/wp\/v2\/posts\/410","targetHints":{"allow":["GET"]}}],"collection":[{"href":"https:\/\/www.maxime-gillio.com\/maxime-gillio\/wp-json\/wp\/v2\/posts"}],"about":[{"href":"https:\/\/www.maxime-gillio.com\/maxime-gillio\/wp-json\/wp\/v2\/types\/post"}],"author":[{"embeddable":true,"href":"https:\/\/www.maxime-gillio.com\/maxime-gillio\/wp-json\/wp\/v2\/users\/2"}],"replies":[{"embeddable":true,"href":"https:\/\/www.maxime-gillio.com\/maxime-gillio\/wp-json\/wp\/v2\/comments?post=410"}],"version-history":[{"count":0,"href":"https:\/\/www.maxime-gillio.com\/maxime-gillio\/wp-json\/wp\/v2\/posts\/410\/revisions"}],"wp:featuredmedia":[{"embeddable":true,"href":"https:\/\/www.maxime-gillio.com\/maxime-gillio\/wp-json\/wp\/v2\/media\/413"}],"wp:attachment":[{"href":"https:\/\/www.maxime-gillio.com\/maxime-gillio\/wp-json\/wp\/v2\/media?parent=410"}],"wp:term":[{"taxonomy":"category","embeddable":true,"href":"https:\/\/www.maxime-gillio.com\/maxime-gillio\/wp-json\/wp\/v2\/categories?post=410"},{"taxonomy":"post_tag","embeddable":true,"href":"https:\/\/www.maxime-gillio.com\/maxime-gillio\/wp-json\/wp\/v2\/tags?post=410"}],"curies":[{"name":"wp","href":"https:\/\/api.w.org\/{rel}","templated":true}]}}