{"id":400,"date":"2014-04-29T14:58:02","date_gmt":"2014-04-29T13:58:02","guid":{"rendered":"https:\/\/www.maxime-gillio.com\/maxime-gillio\/?p=400"},"modified":"2014-04-29T14:58:02","modified_gmt":"2014-04-29T13:58:02","slug":"mot-a-maux-asperger-mon-amour","status":"publish","type":"post","link":"https:\/\/www.maxime-gillio.com\/maxime-gillio\/mot-a-maux-asperger-mon-amour\/","title":{"rendered":"Mot \u00e0 Maux \/ Asperger mon amour"},"content":{"rendered":"<p style=\"text-align: justify;\">Il y a trois ans, \u00e0 l&rsquo;initiative de Fabien H\u00e9risson, sortait le premier volume des Auteurs du Noir face \u00e0 la diff\u00e9rence, aux \u00e9ditions Jigal. J&rsquo;y avais \u00e9crit une nouvelle qui avait \u00e9tonn\u00e9 pas mal de monde, moi le premier&#8230; Cette nouvelle s&rsquo;intitulait \u00ab\u00a0Asperger mon amour\u00a0\u00bb. Je pr\u00eatais la plume \u00e0 une fillette autiste qui racontait son entr\u00e9e au coll\u00e8ge, le regard et l&rsquo;attitude des autres face \u00e0 la diff\u00e9rence.<\/p>\n<p style=\"text-align: justify;\">Cette nouvelle a \u00e9t\u00e9 un tournant. Pour la premi\u00e8re fois, j&rsquo;acceptais de tomber le masque dans mes \u00e9crits. Et les r\u00e9actions des lecteurs m&rsquo;ont confirm\u00e9 qu&rsquo;il fallait en effet, parfois, se livrer dans ses textes.<\/p>\n<p style=\"text-align: justify;\">Cette nouvelle ressort cette semaine, sous un autre titre, chez Ska \u00c9diteur, et uniquement en num\u00e9rique.<\/p>\n<p style=\"text-align: justify;\">\u00c0 moins d&rsquo;un euro, vous ne risquez rien. Sauf \u00e0 vous prendre une petite claque n\u00e9cessaire.<\/p>\n<p style=\"text-align: justify;\"><a href=\"https:\/\/www.maxime-gillio.com\/maxime-gillio\/wp-content\/uploads\/2014\/04\/IMGP0473.jpg\"><img loading=\"lazy\" decoding=\"async\" class=\"alignleft size-medium wp-image-403\" alt=\"IMGP0473\" src=\"https:\/\/www.maxime-gillio.com\/maxime-gillio\/wp-content\/uploads\/2014\/04\/IMGP0473-300x225.jpg\" width=\"300\" height=\"225\" srcset=\"https:\/\/www.maxime-gillio.com\/maxime-gillio\/wp-content\/uploads\/2014\/04\/IMGP0473-300x225.jpg 300w, https:\/\/www.maxime-gillio.com\/maxime-gillio\/wp-content\/uploads\/2014\/04\/IMGP0473-1024x768.jpg 1024w, https:\/\/www.maxime-gillio.com\/maxime-gillio\/wp-content\/uploads\/2014\/04\/IMGP0473-600x450.jpg 600w, https:\/\/www.maxime-gillio.com\/maxime-gillio\/wp-content\/uploads\/2014\/04\/IMGP0473-900x675.jpg 900w, https:\/\/www.maxime-gillio.com\/maxime-gillio\/wp-content\/uploads\/2014\/04\/IMGP0473.jpg 1600w\" sizes=\"(max-width: 300px) 100vw, 300px\" \/><\/a>Trois ans plus tard, j&rsquo;ai d\u00e9cid\u00e9 de renouveler l&rsquo;exp\u00e9rience, sous une autre forme. C&rsquo;est ainsi que j&rsquo;ai cr\u00e9\u00e9 une page Facebook intitul\u00e9e \u00ab\u00a0Asperger mon amour\u00a0\u00bb. Je n&rsquo;avais d&rsquo;autre ambition que d&rsquo;y publier, de temps en temps, un petit billet sous forme de lettre \u00e0 ma fille autiste. Aucun plan, aucune strat\u00e9gie, juste un souvenir, une anecdote, une pens\u00e9e quand j&rsquo;en avais envie.<\/p>\n<p style=\"text-align: justify;\">Mais le fait est que cette page conna\u00eet un certain succ\u00e8s, puisque ma derni\u00e8re publication a \u00e9t\u00e9 lue par plus de 3 000 personnes. L&rsquo;une de mes satisfactions \u00e9tant justement que d\u00e9sormais, la majorit\u00e9 des suiveurs de cette page ne font pas partie de mes contacts. Preuve suppl\u00e9mentaire, si besoin \u00e9tait, que ce handicap n\u00e9cessite qu&rsquo;on en parle \u00e0 tout le monde. N&rsquo;h\u00e9sitez pas \u00e0 nous rejoindre.<\/p>\n<p style=\"text-align: justify;\"><a href=\"http:\/\/ska-librairie.net\/index.php?id_product=187&amp;controller=product\" target=\"_blank\">Pour commander la nouvelle \u00ab\u00a0Mot \u00e0 maux\u00a0\u00bb.<\/a><\/p>\n<p style=\"text-align: justify;\"><a href=\"https:\/\/www.facebook.com\/pages\/Asperger-mon-amour\/605527899537073\" target=\"_blank\">Pour suivre la page Facebook \u00ab\u00a0Asperger mon amour\u00a0\u00bb.<\/a><\/p>\n","protected":false},"excerpt":{"rendered":"<p>Il y a trois ans, \u00e0 l&rsquo;initiative de Fabien H\u00e9risson, sortait le premier volume des Auteurs du Noir face \u00e0 la diff\u00e9rence, aux \u00e9ditions Jigal. J&rsquo;y avais \u00e9crit une nouvelle [&hellip;]<\/p>\n","protected":false},"author":1,"featured_media":401,"comment_status":"open","ping_status":"open","sticky":false,"template":"","format":"standard","meta":{"_acf_changed":false,"_et_pb_use_builder":"","_et_pb_old_content":"","_et_gb_content_width":"","om_disable_all_campaigns":false,"_monsterinsights_skip_tracking":false,"_monsterinsights_sitenote_active":false,"_monsterinsights_sitenote_note":"","_monsterinsights_sitenote_category":0,"_uf_show_specific_survey":0,"_uf_disable_surveys":false,"footnotes":""},"categories":[3],"tags":[],"class_list":["post-400","post","type-post","status-publish","format-standard","has-post-thumbnail","hentry","category-news"],"acf":[],"_links":{"self":[{"href":"https:\/\/www.maxime-gillio.com\/maxime-gillio\/wp-json\/wp\/v2\/posts\/400","targetHints":{"allow":["GET"]}}],"collection":[{"href":"https:\/\/www.maxime-gillio.com\/maxime-gillio\/wp-json\/wp\/v2\/posts"}],"about":[{"href":"https:\/\/www.maxime-gillio.com\/maxime-gillio\/wp-json\/wp\/v2\/types\/post"}],"author":[{"embeddable":true,"href":"https:\/\/www.maxime-gillio.com\/maxime-gillio\/wp-json\/wp\/v2\/users\/1"}],"replies":[{"embeddable":true,"href":"https:\/\/www.maxime-gillio.com\/maxime-gillio\/wp-json\/wp\/v2\/comments?post=400"}],"version-history":[{"count":0,"href":"https:\/\/www.maxime-gillio.com\/maxime-gillio\/wp-json\/wp\/v2\/posts\/400\/revisions"}],"wp:featuredmedia":[{"embeddable":true,"href":"https:\/\/www.maxime-gillio.com\/maxime-gillio\/wp-json\/wp\/v2\/media\/401"}],"wp:attachment":[{"href":"https:\/\/www.maxime-gillio.com\/maxime-gillio\/wp-json\/wp\/v2\/media?parent=400"}],"wp:term":[{"taxonomy":"category","embeddable":true,"href":"https:\/\/www.maxime-gillio.com\/maxime-gillio\/wp-json\/wp\/v2\/categories?post=400"},{"taxonomy":"post_tag","embeddable":true,"href":"https:\/\/www.maxime-gillio.com\/maxime-gillio\/wp-json\/wp\/v2\/tags?post=400"}],"curies":[{"name":"wp","href":"https:\/\/api.w.org\/{rel}","templated":true}]}}